{"id":12409,"date":"2022-04-26T15:01:41","date_gmt":"2022-04-26T13:01:41","guid":{"rendered":"https:\/\/gymnasium-zwoenitz.com\/?p=12409"},"modified":"2022-04-26T15:01:41","modified_gmt":"2022-04-26T13:01:41","slug":"regionalwettberwerb-jugend-debattiert","status":"publish","type":"post","link":"https:\/\/gymnasium-zwoenitz.com\/index.php\/2022\/04\/26\/regionalwettberwerb-jugend-debattiert\/","title":{"rendered":"Regionalwettbewerb &#8222;Jugend debattiert&#8220;"},"content":{"rendered":"\n<p>Am 23.03.2022 fand der diesj\u00e4hrige Regionalwettbewerb \u201eJugend debattiert\u201c im Burgst\u00e4dter Gymnasium statt. Um 10 Uhr wurden wir dort herzlich begr\u00fc\u00dft, die Debattanten in ihre Gruppen und in die verschiedenen Zimmer geschickt.<\/p>\n\n\n\n<p>Das Thema der ersten Debatte der Altersklasse 1 war: \u201eSoll Hauswirtschaft als Unterrichtsfach an Gymnasien eingef\u00fchrt werden?\u201c Nach dieser spannenden Debatte mussten die Sch\u00fcler schon zu der n\u00e4chsten, um auch dort ihre Kenntnisse zu zeigen. In dieser ging es um die Frage: \u201eSoll der Einsatz von Tieren in Zirkusvorstellungen verboten werden?\u201cAuch hierbei wurden viele Argumente daf\u00fcr und dagegen ausgetauscht. Die Jury musste sich beraten und legte die besten Debattanten Fast, welche am Nachmittag in der Finaldebatte um den ersten und zweiten Platz k\u00e4mpften.<\/p>\n\n\n\n<p>Die Frage daf\u00fcr lautete: \u201eSoll der Verkauf von Spielzeug-Schusswaffen an Kinder verboten werden?\u201c Die Debattanten, zu denen auch Sch\u00fcler aus Zw\u00f6nitz geh\u00f6ren, F\u00fchrten eine Interessante Debatte mit vielen Pro- und Kontra-Argumenten. Vor der Auswertung durfte das Publikum sich selbst entscheiden, welche Seite es eher vertreten w\u00fcrde. Die Kontra-Seite \u00fcberwog deutlich.<\/p>\n\n\n\n<p>Die Jury f\u00fcr das Finale wurde von Schulleitern und Lehrern der verschiedenen Schulen bereitgestellt. In der Finaldebatte der Altersklasse 1 gewann Marek Neukirchner (9a) den ersten und Sondine Mewes (9a) den zweiten Platz. Die Finaldebatte der Altersklasse 2, in der Sophia Otto (Jahrgangsstufe 11) f\u00fcr unsere Schule die Contra-Seite vertrat, beleuchtete das Thema: \u201eSollen Jugendliche einen Etat im Haushalt der Gemeinde\/Stadt erhalten, \u00dcber den sie selbst entscheiden d\u00fcrfen?\u201c Auch diese Debatte war sehr fesselnd und alle h\u00f6rten interessiert zu, denn die vier Debattierenden hatten sich sehr gut vorbereitet, diskutierten heftig miteinander und boten viele L\u00f6sungsvorschl\u00e4ge.<\/p>\n\n\n\n<p>In dieser Debatte gewann Sophia den zweiten Platz und war demnach auch in der n\u00e4chsten Runde.<\/p>\n\n\n\n<p>Wir sind stolz, dass drei der Vier Debattanten, die sich f\u00fcr das Landesfinale in Dresden Qualifiziert haben, Sch\u00fcler unseres Gymnasiums sind. Wir gratulieren ganz herzlich und w\u00fcnschen ihnen f\u00fcr die n\u00e4chste Runde viel Erfolg.<\/p>\n\n\n\n<p>Melina Naumann und Kira Schramm<\/p>\n\n\n\n<figure class=\"wp-block-gallery has-nested-images columns-default is-cropped wp-block-gallery-1 is-layout-flex wp-block-gallery-is-layout-flex\">\n<figure class=\"wp-block-image size-large\"><img decoding=\"async\" data-id=\"12411\" src=\"https:\/\/gymnasiumzwoenitz.files.wordpress.com\/2022\/04\/20220323_101845.jpg?w=1024\" alt=\"\" class=\"wp-image-12411\" \/><\/figure>\n\n\n\n<figure class=\"wp-block-image size-large\"><img decoding=\"async\" data-id=\"12415\" src=\"https:\/\/gymnasiumzwoenitz.files.wordpress.com\/2022\/04\/20220323_131835.jpg?w=1024\" alt=\"\" class=\"wp-image-12415\" \/><\/figure>\n\n\n\n<figure class=\"wp-block-image size-large\"><img decoding=\"async\" data-id=\"12416\" src=\"https:\/\/gymnasiumzwoenitz.files.wordpress.com\/2022\/04\/20220323_140912.jpg?w=1024\" alt=\"\" class=\"wp-image-12416\" \/><\/figure>\n\n\n\n<figure class=\"wp-block-image size-large\"><img decoding=\"async\" data-id=\"12414\" src=\"https:\/\/gymnasiumzwoenitz.files.wordpress.com\/2022\/04\/20220323_150832.jpg?w=1024\" alt=\"\" class=\"wp-image-12414\" \/><\/figure>\n\n\n\n<figure class=\"wp-block-image size-large\"><img decoding=\"async\" data-id=\"12412\" src=\"https:\/\/gymnasiumzwoenitz.files.wordpress.com\/2022\/04\/snapchat-477928987.jpg?w=1024\" alt=\"\" class=\"wp-image-12412\" \/><\/figure>\n\n\n\n<figure class=\"wp-block-image size-large\"><img decoding=\"async\" data-id=\"12413\" src=\"https:\/\/gymnasiumzwoenitz.files.wordpress.com\/2022\/04\/snapchat-782690192.jpg?w=1024\" alt=\"\" class=\"wp-image-12413\" \/><\/figure>\n<\/figure>\n","protected":false},"excerpt":{"rendered":"<p>Am 23.03.2022 fand der diesj\u00e4hrige Regionalwettbewerb \u201eJugend debattiert\u201c im Burgst\u00e4dter Gymnasium statt. Um 10 Uhr wurden wir dort herzlich begr\u00fc\u00dft, die Debattanten in ihre Gruppen und in die verschiedenen Zimmer geschickt. Das Thema der ersten Debatte der Altersklasse 1 war: \u201eSoll Hauswirtschaft als Unterrichtsfach an Gymnasien eingef\u00fchrt werden?\u201c Nach dieser spannenden Debatte mussten die Sch\u00fcler<a class=\"more-link\" href=\"https:\/\/gymnasium-zwoenitz.com\/index.php\/2022\/04\/26\/regionalwettberwerb-jugend-debattiert\/\">Continue reading <span class=\"screen-reader-text\">&#8222;Regionalwettbewerb &#8222;Jugend debattiert&#8220;&#8220;<\/span><\/a><\/p>\n","protected":false},"author":1,"featured_media":12417,"comment_status":"open","ping_status":"closed","sticky":false,"template":"","format":"standard","meta":{"_jetpack_memberships_contains_paid_content":false,"footnotes":""},"categories":[3,12],"tags":[34],"class_list":["post-12409","post","type-post","status-publish","format-standard","has-post-thumbnail","hentry","category-auszeichnungen","category-wettbewerbe","tag-jugenddebattiert"],"jetpack_featured_media_url":"https:\/\/gymnasium-zwoenitz.com\/wp-content\/uploads\/2022\/04\/20220323_151353-scaled.jpg","jetpack_sharing_enabled":false,"_links":{"self":[{"href":"https:\/\/gymnasium-zwoenitz.com\/index.php\/wp-json\/wp\/v2\/posts\/12409","targetHints":{"allow":["GET"]}}],"collection":[{"href":"https:\/\/gymnasium-zwoenitz.com\/index.php\/wp-json\/wp\/v2\/posts"}],"about":[{"href":"https:\/\/gymnasium-zwoenitz.com\/index.php\/wp-json\/wp\/v2\/types\/post"}],"author":[{"embeddable":true,"href":"https:\/\/gymnasium-zwoenitz.com\/index.php\/wp-json\/wp\/v2\/users\/1"}],"replies":[{"embeddable":true,"href":"https:\/\/gymnasium-zwoenitz.com\/index.php\/wp-json\/wp\/v2\/comments?post=12409"}],"version-history":[{"count":0,"href":"https:\/\/gymnasium-zwoenitz.com\/index.php\/wp-json\/wp\/v2\/posts\/12409\/revisions"}],"wp:featuredmedia":[{"embeddable":true,"href":"https:\/\/gymnasium-zwoenitz.com\/index.php\/wp-json\/wp\/v2\/media\/12417"}],"wp:attachment":[{"href":"https:\/\/gymnasium-zwoenitz.com\/index.php\/wp-json\/wp\/v2\/media?parent=12409"}],"wp:term":[{"taxonomy":"category","embeddable":true,"href":"https:\/\/gymnasium-zwoenitz.com\/index.php\/wp-json\/wp\/v2\/categories?post=12409"},{"taxonomy":"post_tag","embeddable":true,"href":"https:\/\/gymnasium-zwoenitz.com\/index.php\/wp-json\/wp\/v2\/tags?post=12409"}],"curies":[{"name":"wp","href":"https:\/\/api.w.org\/{rel}","templated":true}]}}