{"id":10467,"date":"2022-02-10T08:56:38","date_gmt":"2022-02-10T07:56:38","guid":{"rendered":"https:\/\/gymnasium-zwoenitz.com\/?p=10467"},"modified":"2022-02-10T08:56:38","modified_gmt":"2022-02-10T07:56:38","slug":"jugend-debattiert-unser-schulausscheid","status":"publish","type":"post","link":"https:\/\/gymnasium-zwoenitz.com\/index.php\/2022\/02\/10\/jugend-debattiert-unser-schulausscheid\/","title":{"rendered":"\u201eJugend debattiert\u201c \u2013 unser Schulausscheid"},"content":{"rendered":"\n<blockquote class=\"wp-block-quote is-layout-flow wp-block-quote-is-layout-flow\"><p><em>Nicht Sieg sollte Sinn der Diskussion sein, sondern Gewinn.<\/em><\/p><cite>Joseph Joubert<\/cite><\/blockquote>\n\n\n\n<p>Auch beim Schulausscheid von \u201eJugend debattiert\u201c am 07.02.22 konnten die Debattanten neue Eindr\u00fccke und Erfahrungen gewinnen. Die Schuldebatten bieten Sch\u00fclern die Chance zu lernen sich argumentativ mit verschiedenen Standpunkten auseinander zu setzen, so auch wieder in diesem Jahr.<\/p>\n\n\n\n<p>Die Sch\u00fcler der Altersgruppe 1 (Klassenstufe 8 und 9) diskutierten in der Vorrunde \u00fcber die Streitfrage, ob ein \u201eFreischwimmer\u201c- Abzeichen Bedingung f\u00fcr den Erhalt eines Schulabschusses sein soll. Max Baumann, Lucy V\u00f6tzsch, Sondine Mewes und Ben Homelius setzen sich in der Vorrunde durch und debattierten im Finale dann \u00fcber eine allgemeine Corona-Impfpflicht. Ben und Sondine gingen als Sieger hervor und qualifizierten sich f\u00fcr den Regionalausscheid am Gymnasium Einsiedel.<\/p>\n\n\n\n<p>Die Altersgruppe 2 (Klassenstufe 10 und Jgst.11) befasste sich in der Vorrunde mit der Frage, ob K\u00f6rpermodifikationen ab 16 ohne Zustimmung der Eltern erlaubt sein sollten. Die Streitfrage \u201eSoll der Import von Flugobst verboten werden?\u201c schloss unseren Schulausscheid ab. Von den vier Sch\u00fclern in der Finalrunde debattierten Tom Homelius und Sophia Otto auf der Pro-Seite mit Saleah Shah und Kira Klaus auf der Gegenposition. Dabei qualifizierten sich Tom und Sophia f\u00fcr den Regionalausscheid.<\/p>\n\n\n\n<p>Wir sind gespannt auf die Ergebnisse im Regionalwettbewerb und w\u00fcnschen den Vertretern unseres Gymnasiums viel Erfolg und den Gewinn weiterer Erfahrungen.<\/p>\n\n\n\n<p><em>Kira Klaus und Sophia Otto, Jgst.11<\/em><\/p>\n\n\n\n<figure class=\"wp-block-gallery has-nested-images columns-default is-cropped wp-block-gallery-1 is-layout-flex wp-block-gallery-is-layout-flex\">\n<figure class=\"wp-block-image size-large\"><img decoding=\"async\" data-id=\"10489\" src=\"https:\/\/gymnasiumzwoenitz.files.wordpress.com\/2022\/02\/20220207_115831.jpg?w=1024\" alt=\"\" class=\"wp-image-10489\" \/><\/figure>\n\n\n\n<figure class=\"wp-block-image size-large\"><img decoding=\"async\" data-id=\"10488\" src=\"https:\/\/gymnasiumzwoenitz.files.wordpress.com\/2022\/02\/20220207_120835.jpg?w=1024\" alt=\"\" class=\"wp-image-10488\" \/><\/figure>\n<\/figure>\n","protected":false},"excerpt":{"rendered":"<p>Nicht Sieg sollte Sinn der Diskussion sein, sondern Gewinn. Joseph Joubert Auch beim Schulausscheid von \u201eJugend debattiert\u201c am 07.02.22 konnten die Debattanten neue Eindr\u00fccke und Erfahrungen gewinnen. Die Schuldebatten bieten Sch\u00fclern die Chance zu lernen sich argumentativ mit verschiedenen Standpunkten auseinander zu setzen, so auch wieder in diesem Jahr. Die Sch\u00fcler der Altersgruppe 1 (Klassenstufe<a class=\"more-link\" href=\"https:\/\/gymnasium-zwoenitz.com\/index.php\/2022\/02\/10\/jugend-debattiert-unser-schulausscheid\/\">Continue reading <span class=\"screen-reader-text\">&#8222;\u201eJugend debattiert\u201c \u2013 unser Schulausscheid&#8220;<\/span><\/a><\/p>\n","protected":false},"author":1,"featured_media":10488,"comment_status":"open","ping_status":"closed","sticky":false,"template":"","format":"standard","meta":{"_jetpack_memberships_contains_paid_content":false,"footnotes":""},"categories":[10,12],"tags":[34],"class_list":["post-10467","post","type-post","status-publish","format-standard","has-post-thumbnail","hentry","category-schulveranstaltungen","category-wettbewerbe","tag-jugenddebattiert"],"jetpack_featured_media_url":"https:\/\/gymnasium-zwoenitz.com\/wp-content\/uploads\/2022\/02\/20220207_120835-scaled.jpg","jetpack_sharing_enabled":false,"_links":{"self":[{"href":"https:\/\/gymnasium-zwoenitz.com\/index.php\/wp-json\/wp\/v2\/posts\/10467","targetHints":{"allow":["GET"]}}],"collection":[{"href":"https:\/\/gymnasium-zwoenitz.com\/index.php\/wp-json\/wp\/v2\/posts"}],"about":[{"href":"https:\/\/gymnasium-zwoenitz.com\/index.php\/wp-json\/wp\/v2\/types\/post"}],"author":[{"embeddable":true,"href":"https:\/\/gymnasium-zwoenitz.com\/index.php\/wp-json\/wp\/v2\/users\/1"}],"replies":[{"embeddable":true,"href":"https:\/\/gymnasium-zwoenitz.com\/index.php\/wp-json\/wp\/v2\/comments?post=10467"}],"version-history":[{"count":0,"href":"https:\/\/gymnasium-zwoenitz.com\/index.php\/wp-json\/wp\/v2\/posts\/10467\/revisions"}],"wp:featuredmedia":[{"embeddable":true,"href":"https:\/\/gymnasium-zwoenitz.com\/index.php\/wp-json\/wp\/v2\/media\/10488"}],"wp:attachment":[{"href":"https:\/\/gymnasium-zwoenitz.com\/index.php\/wp-json\/wp\/v2\/media?parent=10467"}],"wp:term":[{"taxonomy":"category","embeddable":true,"href":"https:\/\/gymnasium-zwoenitz.com\/index.php\/wp-json\/wp\/v2\/categories?post=10467"},{"taxonomy":"post_tag","embeddable":true,"href":"https:\/\/gymnasium-zwoenitz.com\/index.php\/wp-json\/wp\/v2\/tags?post=10467"}],"curies":[{"name":"wp","href":"https:\/\/api.w.org\/{rel}","templated":true}]}}